{"id":88201,"date":"2026-01-29T16:03:57","date_gmt":"2026-01-29T23:03:57","guid":{"rendered":"https:\/\/www.uchealth.org\/today\/?p=88201"},"modified":"2026-01-29T16:03:57","modified_gmt":"2026-01-29T23:03:57","slug":"es-por-que-los-medicos-evitan-recetar-antibioticos","status":"publish","type":"post","link":"https:\/\/www.uchealth.org\/today\/es-por-que-los-medicos-evitan-recetar-antibioticos\/","title":{"rendered":"Por qu\u00e9 su m\u00e9dico puede no recetarle antibi\u00f3ticos y por qu\u00e9 eso es algo positivo"},"content":{"rendered":"<div style=\"margin-top: 0px; margin-bottom: 0px;\" class=\"sharethis-inline-share-buttons\" ><\/div><figure id=\"attachment_87982\" aria-describedby=\"caption-attachment-87982\" style=\"width: 640px\" class=\"wp-caption aligncenter\"><img loading=\"lazy\" decoding=\"async\" class=\"wp-image-87982\" src=\"https:\/\/uchealth-wp-uploads.s3.amazonaws.com\/wp-content\/uploads\/sites\/6\/2026\/01\/13120337\/GettyImages-894559892-pills-antibiotics-web.webp\" alt=\"Los antibi\u00f3ticos son medicamentos potentes, pero los m\u00e9dicos son m\u00e1s cautelosos que nunca a la hora de recetarlos, evitando hacerlo cuando no son necesarios. Esto se debe a que los antibi\u00f3ticos no son efectivos contra las infecciones virales, como los resfriados, la gripe y la COVID-19. Cuando se recetan antibi\u00f3ticos innecesariamente, pueden causar efectos secundarios graves y, adem\u00e1s, pueden dejar de ser efectivos para las personas que realmente los necesitan. Foto: Getty Images.\" width=\"640\" height=\"390\" \/><figcaption id=\"caption-attachment-87982\" class=\"wp-caption-text\">Los antibi\u00f3ticos son medicamentos potentes, pero los m\u00e9dicos son m\u00e1s cautelosos que nunca al recetarlos, evitando recetarlos cuando no son necesarios. Esto se debe a que los antibi\u00f3ticos no son efectivos contra las infecciones virales, como los resfriados, la gripe y COVID-19. Cuando se recetan antibi\u00f3ticos innecesariamente, pueden causar efectos secundarios graves y, adem\u00e1s, dejar de ser eficaces para las personas que realmente los necesitan. Foto: Getty Images.<\/figcaption><\/figure>\n<div class=\"mceTemp\"><\/div>\n<p>Si se siente mal y sali\u00f3 del consultorio m\u00e9dico sin una receta de antibi\u00f3ticos, no se alarme.<\/p>\n<p>Es probable que su m\u00e9dico haya consultado las investigaciones m\u00e1s recientes sobre c\u00f3mo funcionan mejor los antibi\u00f3ticos y cu\u00e1ndo los pacientes realmente los necesitan. Hoy en d\u00eda, los profesionales de la salud prestan mucha atenci\u00f3n a lo que se conoce como &#8220;uso responsable de antibi\u00f3ticos&#8221;, lo que significa que solo los recetan cuando son necesarios.<\/p>\n<p>El uso excesivo de antibi\u00f3ticos puede provocar dos problemas principales:<\/p>\n<p>Primero, las bacterias se adaptan a los antibi\u00f3ticos, se vuelven resistentes a ellos y, por lo tanto, los antibi\u00f3ticos dejan de ser efectivos.<br \/>\nSegundo, el uso innecesario de antibi\u00f3ticos puede causar efectos secundarios desagradables en los pacientes.<\/p>\n<p>Los antibi\u00f3ticos son fundamentales en la atenci\u00f3n m\u00e9dica, ya que combaten las bacterias que causan infecciones y permiten que los pacientes se sometan a todo tipo de procedimientos m\u00e9dicos de forma segura.<\/p>\n<p>Sin embargo, a medida que la resistencia a los antibi\u00f3ticos sigue aumentando en Estados Unidos y en todo el mundo, los cient\u00edficos y los m\u00e9dicos est\u00e1n reconsiderando algunas ideas arraigadas sobre los antibi\u00f3ticos, entre estas:<\/p>\n<ul>\n<li>Cu\u00e1ndo necesitamos antibi\u00f3ticos.<\/li>\n<li>Cu\u00e1nto tiempo debemos tomarlos.<\/li>\n<li>Qu\u00e9 antibi\u00f3ticos funcionan mejor para determinadas infecciones.<\/li>\n<li>Si la reacci\u00f3n al\u00e9rgica que pudo haber tenido a la penicilina de ni\u00f1o todav\u00eda le afecta de adulto.<\/li>\n<\/ul>\n<p>La\u00a0<a id=\"https:\/\/es.uchealth.org\/provider\/misha-huang-md\/\" href=\"https:\/\/es.uchealth.org\/provider\/misha-huang-md\/\">Dra. Misha Huang<\/a> est\u00e1 a la vanguardia de la investigaci\u00f3n sobre antibi\u00f3ticos como nueva directora m\u00e9dica del programa de control del uso de antimicrobianos de UCHealth. La Dra. Huang supervisa la investigaci\u00f3n sobre antibi\u00f3ticos y realiza un seguimiento exhaustivo de las tendencias de la resistencia a los antibi\u00f3ticos, trabajando con m\u00e9dicos y otros profesionales en Colorado para garantizar que cuenten con los recursos y las herramientas necesarios para tomar las mejores decisiones al recetar antibi\u00f3ticos.<\/p>\n<figure id=\"attachment_88084\" aria-describedby=\"caption-attachment-88084\" style=\"width: 250px\" class=\"wp-caption alignright\"><img loading=\"lazy\" decoding=\"async\" class=\"wp-image-88084\" src=\"https:\/\/uchealth-wp-uploads.s3.amazonaws.com\/wp-content\/uploads\/sites\/6\/2026\/01\/16095028\/Misha-Huang-headshot.webp\" alt=\"La Dra. Misha Huang es experta en resistencia a los antibi\u00f3ticos y ayuda a otros profesionales de la medicina a utilizar los antibi\u00f3ticos de forma responsable. Foto: University of Colorado School of Medicine.\" width=\"250\" height=\"329\" \/><figcaption id=\"caption-attachment-88084\" class=\"wp-caption-text\">La Dra. Misha Huang es experta en resistencia a los antibi\u00f3ticos y ayuda a otros profesionales de la medicina a utilizarlos de forma responsable. Foto: University of Colorado School of Medicine.<\/figcaption><\/figure>\n<p>El uso responsable de los antibi\u00f3ticos permite conservarlos para que sigan disponibles y sean efectivos para quienes realmente los necesiten.<\/p>\n<p>\u201cLa mayor\u00eda de nosotros entendemos que los antibi\u00f3ticos son muy importantes para tratar incluso las infecciones simples y sin complicaciones, as\u00ed como las infecciones realmente graves\u201d, dijo Huang, quien tambi\u00e9n es <a id=\"\" href=\"https:\/\/som.cuanschutz.edu\/Profiles\/Faculty\/Profile\/24772\" target=\"_blank\" rel=\"noopener\">profesora asociada<\/a> de enfermedades infecciosas en la <a id=\"\" href=\"https:\/\/medschool.cuanschutz.edu\/\" target=\"_blank\" rel=\"noopener\">University of Colorado School of Medicine<\/a> en el <a href=\"https:\/\/www.uchealth.org\/locations\/uchealth-at-university-of-colorado-anschutz-medical-campus\/\">campus de Anschutz<\/a>.<\/p>\n<p>\u201cLos antibi\u00f3ticos tambi\u00e9n nos permiten realizar todos los procedimientos m\u00e9dicos modernos que llevamos a cabo: cirug\u00edas, tratamientos contra el c\u00e1ncer con quimioterapia, trasplantes de \u00f3rganos. Nada de esto ser\u00eda posible si no cont\u00e1ramos con antibi\u00f3ticos para prevenir y tratar las infecciones\u201d, afirm\u00f3.<\/p>\n<p>Seg\u00fan explic\u00f3, la gesti\u00f3n responsable de los antibi\u00f3ticos se resume en garantizar que los pacientes utilicen el medicamento adecuado, en la dosis correcta, durante el tiempo necesario y para la enfermedad apropiada.<\/p>\n<p>Para responder las preguntas frecuentes sobre los antibi\u00f3ticos, consultamos con Huang y con <a id=\"https:\/\/es.uchealth.org\/provider\/cameron-santiago-pa-c\/\" href=\"https:\/\/es.uchealth.org\/provider\/cameron-santiago-pa-c\/\">Cameron Santiago<\/a>, asistente m\u00e9dico en <a href=\"https:\/\/es.uchealth.org\/locations\/uchealth-urgent-care-powers\/\">UCHealth Urgent Care &#8211; Powers<\/a> en Colorado Springs. Santiago ha realizado investigaciones sobre el uso responsable de los antibi\u00f3ticos y responde a las preguntas de los pacientes sobre ellos a diario.<\/p>\n<h2><strong>\u00bfQu\u00e9 son los antibi\u00f3ticos y para qu\u00e9 se utilizan?<\/strong><\/h2>\n<p><a id=\"\" href=\"https:\/\/pmc.ncbi.nlm.nih.gov\/articles\/PMC4520913\/\" target=\"_blank\" rel=\"noopener\">Alexander Fleming descubri\u00f3 la penicilina en 1928<\/a> y desde entonces, los investigadores han desarrollado cientos de tipos de antibi\u00f3ticos que han transformado la medicina y salvado innumerables vidas en todo el mundo. Los antibi\u00f3ticos pueden tratar infecciones simples, como las del tracto urinario y de la piel. Tambi\u00e9n combaten infecciones graves y complicadas, por ejemplo, en el torrente sangu\u00edneo o en los huesos.<\/p>\n<p>Los antibi\u00f3ticos forman parte de una clase m\u00e1s amplia de medicamentos, los antimicrobianos, que eliminan microorganismos, como bacterias, virus, hongos y par\u00e1sitos. Algunas personas usan los t\u00e9rminos &#8220;antibi\u00f3tico&#8221; y &#8220;antimicrobiano&#8221; indistintamente, ya que los antibi\u00f3ticos son el tipo de antimicrobiano m\u00e1s com\u00fan. Algunos antibi\u00f3ticos de uso com\u00fan incluyen: amoxicilina, \u201cZ-packs\u201d o azitromicina, cefalexina, conocida como Keflex, y doxiciclina.<\/p>\n<p>En las farmacias de Estados Unidos no se pueden adquirir antibi\u00f3ticos sin receta m\u00e9dica, excepto los antibi\u00f3ticos t\u00f3picos como Neosporin y Polysporin, que pueden ayudar con infecciones cut\u00e1neas leves.<\/p>\n<p>Algunos antibi\u00f3ticos son de amplio espectro, lo que significa que act\u00faan contra muchos tipos de bacterias. Otros son antibi\u00f3ticos de espectro reducido y act\u00faan sobre bacterias espec\u00edficas. Siempre que es posible, los m\u00e9dicos recetan antibi\u00f3ticos que act\u00faan contra las bacterias espec\u00edficas que causan la infecci\u00f3n.<\/p>\n<h2><strong>\u00bfEn qu\u00e9 casos funcionan mejor los antibi\u00f3ticos?<\/strong><\/h2>\n<p>Los antibi\u00f3ticos son eficaces contra las infecciones bacterianas.<\/p>\n<h2><strong>\u00bfSon eficaces los antibi\u00f3ticos contra virus como los que causan el resfriado com\u00fan, la gripe y la COVID-19?<\/strong><\/h2>\n<p>No. Los antibi\u00f3ticos no sirven para sentirse mejor si se tienen virus como los que causan resfriados, la gripe y la COVID-19.<\/p>\n<p>Si le diagnostican una infecci\u00f3n viral al inicio de su enfermedad, comun\u00edquese con el consultorio de su m\u00e9dico. Su m\u00e9dico podr\u00eda recetarle un medicamento <a id=\"https:\/\/www.uchealth.org\/today\/es-hablemos-del-tamiflu\/\" href=\"https:\/\/www.uchealth.org\/today\/es-hablemos-del-tamiflu\/\">antiviral llamado Tamiflu,<\/a> que ayuda a acortar la duraci\u00f3n de la influenza; tambi\u00e9n podr\u00eda considerar un antiviral similar, Paxlovid, que ha ayudado a personas con COVID-19.<\/p>\n<h2><strong>\u00bfSon eficaces los antibi\u00f3ticos para las infecciones de o\u00eddo y de senos paranasales?<\/strong><\/h2>\n<p>Contrariamente a la creencia popular, la mayor\u00eda de las infecciones de o\u00eddo y de los senos paranasales mejoran por s\u00ed solas, sin necesidad de antibi\u00f3ticos.<\/p>\n<h2><strong>\u00bfNecesito un antibi\u00f3tico para una infecci\u00f3n del tracto urinario? <\/strong><\/h2>\n<p><a id=\"https:\/\/es.uchealth.org\/diseases-conditions\/urinary-tract-infections\/\" href=\"https:\/\/es.uchealth.org\/diseases-conditions\/urinary-tract-infections\/\">En el caso de las infecciones del tracto urinario,<\/a> actualmente los m\u00e9dicos quieren recetar el antibi\u00f3tico m\u00e1s eficaz contra las bacterias espec\u00edficas que causan la infecci\u00f3n.<\/p>\n<p>Los profesionales de la salud pueden tratar a mujeres j\u00f3venes con s\u00edntomas t\u00edpicos de infecci\u00f3n del tracto urinario sin necesidad de verlas en persona. Por lo tanto, pueden obtener ayuda llamando al consultorio de su m\u00e9dico o programando una consulta en l\u00ednea a trav\u00e9s de la plataforma <a id=\"https:\/\/es.uchealth.org\/services\/virtual-urgent-care\/\" href=\"https:\/\/es.uchealth.org\/services\/virtual-urgent-care\/\">UCHealth Virtual Urgent Care<\/a>.<\/p>\n<p>Santiago recomienda que los pacientes acudan a una cl\u00ednica para ser atendidos en persona por un profesional de la salud si presentan s\u00edntomas at\u00edpicos, infecciones urinarias recurrentes o factores de riesgo de infecciones m\u00e1s graves, como quienes padecen diabetes o tienen un sistema inmunitario debilitado. En la cl\u00ednica, se les realizar\u00e1 un an\u00e1lisis de orina y, posteriormente, Santiago enviar\u00e1 la muestra a un laboratorio para cultivo, con el fin de determinar qu\u00e9 antibi\u00f3ticos ser\u00e1n m\u00e1s eficaces para la infecci\u00f3n urinaria espec\u00edfica de cada paciente.<\/p>\n<h2><strong>\u00bfQu\u00e9 ocurre con las infecciones de o\u00eddo? \u00bfSon \u00fatiles los antibi\u00f3ticos si los ni\u00f1os o los adultos tienen infecciones de o\u00eddo?<\/strong><\/h2>\n<p>No todas las <a id=\"https:\/\/es.uchealth.org\/diseases-conditions\/ear-infections\/\" href=\"https:\/\/es.uchealth.org\/diseases-conditions\/ear-infections\/\">infecciones de o\u00eddo<\/a> requieren antibi\u00f3ticos, pero para quienes s\u00ed lo necesitan, Santiago ahora recomienda un tratamiento de solo cinco d\u00edas, en lugar de las recetas de 7 a 10 d\u00edas habituales. Los padres suelen ser receptivos a las nuevas recomendaciones sobre antibi\u00f3ticos e infecciones de o\u00eddo, especialmente cuando se enteran de que Santiago y otros profesionales de UCHealth colaboran con expertos en pediatr\u00eda de <a id=\"\" href=\"https:\/\/espanol.childrenscolorado.org\/\" target=\"_blank\" rel=\"noopener\">Children\u2019s Hospital Colorado<\/a>.<\/p>\n<p>Hay ocasiones en las que Santiago recomienda a los padres que adopten una actitud de espera y observaci\u00f3n. Les da una receta, pero les aconseja que esperen uno o dos d\u00edas para ver si los s\u00edntomas de su hijo mejoran sin antibi\u00f3ticos.<\/p>\n<p>Explicar las nuevas investigaciones sobre antibi\u00f3ticos puede resultar un poco complicado para pacientes que quiz\u00e1s hayan tomado antibi\u00f3ticos durante una enfermedad anterior y hayan empezado a sentirse mejor.<\/p>\n<p>\u201cMuchas veces, la evoluci\u00f3n natural de la enfermedad es que va a mejorar de todos modos, incluso sin tomar antibi\u00f3ticos\u201d, explic\u00f3 Santiago. \u201cEl antibi\u00f3tico no fue la raz\u00f3n por la que mejoraron\u201d.<\/p>\n<h2><strong>La faringitis estreptoc\u00f3cica es una de las causas m\u00e1s comunes de dolor de garganta en los ni\u00f1os. Los adultos tambi\u00e9n pueden contraerla. \u00bfSon efectivos los antibi\u00f3ticos para tratar la faringitis estreptoc\u00f3cica?<\/strong><\/h2>\n<div>\n<p>Dado que la faringitis estreptoc\u00f3cica es muy com\u00fan, es recomendable consultar con su m\u00e9dico si su hijo presenta un fuerte dolor de garganta.<\/p>\n<p>Huang explic\u00f3 que la respuesta a la pregunta de si los antibi\u00f3ticos son eficaces para la faringitis estreptoc\u00f3cica es compleja. En Estados Unidos, los m\u00e9dicos suelen recetar antibi\u00f3ticos a ni\u00f1os y adolescentes con diagn\u00f3stico confirmado de faringitis estreptoc\u00f3cica. Esto se debe a que un caso no tratado puede evolucionar a fiebre reum\u00e1tica, una enfermedad muy peligrosa que puede provocar problemas card\u00edacos.<\/p>\n<p>&#8220;La fiebre reum\u00e1tica es m\u00e1s com\u00fan en los pa\u00edses en desarrollo y actualmente es bastante infrecuente en Estados Unidos&#8221;, afirm\u00f3 Huang.<\/p>\n<p>En el caso de los adultos con faringitis estreptoc\u00f3cica, los m\u00e9dicos generalmente no recetan antibi\u00f3ticos, ya que el tratamiento solo acorta la duraci\u00f3n de la enfermedad en aproximadamente un d\u00eda. La faringitis estreptoc\u00f3cica suele curarse por s\u00ed sola con relativa rapidez, explic\u00f3 Huang.<\/p>\n<p>&#8220;Los antibi\u00f3ticos no aceleran significativamente la recuperaci\u00f3n&#8221;, a\u00f1adi\u00f3.<\/p>\n<p>&#8220;Muchos dolores de garganta se deben a infecciones virales, especialmente en adultos, por lo que el tratamiento con antibi\u00f3ticos no suele ser necesario&#8221;, dijo.<\/p>\n<\/div>\n<h2><strong>\u00bfQu\u00e9 pasa si mi m\u00e9dico me recet\u00f3 antibi\u00f3ticos en el pasado, pero ahora me dice que no me servir\u00e1n de nada?<\/strong><\/h2>\n<p>Algunos pacientes podr\u00edan haber recibido antibi\u00f3ticos de forma incorrecta en el pasado y solicitarlos de nuevo. Los profesionales de la salud, como Santiago, deben explicarles a los pacientes que los antibi\u00f3ticos no les servir\u00e1n y que no los necesitan.<\/p>\n<p>\u201cPara m\u00ed, todo se reduce a un an\u00e1lisis de riesgo-beneficio\u201d, afirm\u00f3. \u201cSi no detecto una infecci\u00f3n bacteriana clara, les explico a los pacientes todos los riesgos y efectos secundarios de los antibi\u00f3ticos y les aclaro por qu\u00e9 podr\u00edan necesitarlos o no\u201d.<\/p>\n<h2><strong>\u00bfQu\u00e9 puedo hacer si estoy enfermo y los antibi\u00f3ticos no me ayudan a sentirme mejor?<\/strong><\/h2>\n<p>Durante la <a id=\"https:\/\/www.uchealth.org\/today\/es-aumentan-los-casos-de-influenza-que-hacer-si-siente-malestar\/\" href=\"https:\/\/www.uchealth.org\/today\/es-aumentan-los-casos-de-influenza-que-hacer-si-siente-malestar\/\">temporada de resfriados e influenza<\/a>, Santiago dedica tiempo a explicar a los pacientes las implicaciones de los antibi\u00f3ticos y a educarlos sobre cu\u00e1ndo son \u00fatiles y cu\u00e1ndo no funcionan.<\/p>\n<figure id=\"attachment_88086\" aria-describedby=\"caption-attachment-88086\" style=\"width: 250px\" class=\"wp-caption alignright\"><img loading=\"lazy\" decoding=\"async\" class=\"wp-image-88086\" src=\"https:\/\/uchealth-wp-uploads.s3.amazonaws.com\/wp-content\/uploads\/sites\/6\/2026\/01\/16095508\/Cameron-Santiago-headshot.webp\" alt=\"El asistente m\u00e9dico Cameron Santiago atiende a pacientes en una cl\u00ednica de atenci\u00f3n de urgencias en Colorado Springs y les ayuda a comprender cu\u00e1ndo los antibi\u00f3ticos son efectivos y cu\u00e1ndo no. Foto: UCHealth.\" width=\"250\" height=\"324\" \/><figcaption id=\"caption-attachment-88086\" class=\"wp-caption-text\">El asistente m\u00e9dico Cameron Santiago atiende a pacientes en una cl\u00ednica de urgencias en Colorado Springs y les ayuda a comprender cu\u00e1ndo los antibi\u00f3ticos son efectivos y cu\u00e1ndo no. Foto: UCHealth.<\/figcaption><\/figure>\n<p>Dado que los antibi\u00f3ticos no son efectivos para pacientes con resfriados, gripe y la mayor\u00eda de las infecciones de o\u00eddo y de los senos paranasales, Santiago sugiere estas opciones para controlar los s\u00edntomas:<\/p>\n<ul>\n<li>Descanse lo suficiente y beba muchos l\u00edquidos.<\/li>\n<li>Para la tos, pruebe con medicamentos de venta libre, como un antitusivo, un humidificador o una ducha de vapor.<\/li>\n<li>Para ni\u00f1os de 1 a 6 a\u00f1os, una cucharada de miel es m\u00e1s efectiva que los jarabes para la tos.<\/li>\n<li>Para el goteo posnasal, la secreci\u00f3n nasal y la congesti\u00f3n, pruebe con un aerosol nasal, Mucinex o un antihistam\u00ednico.<\/li>\n<li>Use un aspirador nasal en los ni\u00f1os.<\/li>\n<li>Beba l\u00edquidos calientes, como t\u00e9 o sopa, para aliviar la irritaci\u00f3n de la garganta.<\/li>\n<\/ul>\n<p><a id=\"https:\/\/www.uchealth.org\/today\/es-botiquin-basico-que-tener-para-enfermedades-y-emergencias-menores\/\" href=\"https:\/\/www.uchealth.org\/today\/es-botiquin-basico-que-tener-para-enfermedades-y-emergencias-menores\/\">Es recomendable mantener los medicamentos a mano<\/a> durante la temporada de resfriados e influenza.<\/p>\n<h2><strong>\u00bfLos antibi\u00f3ticos tienen efectos secundarios?\u00a0<\/strong><\/h2>\n<p>S\u00ed. Los antibi\u00f3ticos pueden causar efectos secundarios, como n\u00e1useas y diarrea. Algunas personas presentan reacciones al\u00e9rgicas a ciertos antibi\u00f3ticos, que van desde erupciones leves hasta reacciones cut\u00e1neas graves e incluso anafilaxia que requiere hospitalizaci\u00f3n.<\/p>\n<p>Otras complicaciones que pueden provocar los antibi\u00f3ticos son las diarreas por la infecci\u00f3n denominada <a id=\"\" href=\"https:\/\/www.cdc.gov\/c-diff\/about\/index.html\" target=\"_blank\" rel=\"noopener\">Clostridioides difficile,\u00a0<\/a> anteriormente conocida como Clostridium difficile y com\u00fanmente conocida como C. difficile o abreviada C. diff, la cual provoca un tipo de diarrea grave. Esta infecci\u00f3n es especialmente peligrosa para pacientes de edad avanzada o con sistemas inmunitarios debilitados. Esta infecci\u00f3n se desarrolla cuando un antibi\u00f3tico de amplio espectro altera el equilibrio de los microorganismos y las bacterias beneficiosas que viven en la microbiota humana al atacarlos, adem\u00e1s de la infecci\u00f3n que se supone que debe combatir. Esto tambi\u00e9n puede ocurrir cuando los pacientes toman varios antibi\u00f3ticos o los toman durante demasiado tiempo.<\/p>\n<p>En ocasiones, los antibi\u00f3ticos interact\u00faan con otros medicamentos, lo que provoca que uno o ambos medicamentos no funcionen tan bien como deber\u00edan.<\/p>\n<h2><strong>Aunque necesite antibi\u00f3ticos, \u00bfes posible que mi m\u00e9dico a veces me recete menos pastillas?<\/strong><\/h2>\n<p>S\u00ed. Cada vez es m\u00e1s com\u00fan que los m\u00e9dicos receten antibi\u00f3ticos por un per\u00edodo m\u00e1s breve.<\/p>\n<p>Las personas que crecieron tomando antibi\u00f3ticos durante siete, diez o incluso catorce d\u00edas pueden sorprenderse cuando su m\u00e9dico les receta una dosis de cinco d\u00edas, por ejemplo. Otras pueden descubrir que no son al\u00e9rgicas a la penicilina, como cre\u00edan, y que, de hecho, pueden tomar antibi\u00f3ticos de este tipo.<\/p>\n<p>Nuevas investigaciones demuestran que, para muchas infecciones, un tratamiento m\u00e1s breve con antibi\u00f3ticos puede ser igual de eficaz que uno m\u00e1s largo.<\/p>\n<p>Por ejemplo, cinco d\u00edas de antibi\u00f3ticos para algunas infecciones de la piel suelen ser tan efectivos como un tratamiento m\u00e1s prolongado, explic\u00f3 Huang.<\/p>\n<p>Utilizar la dosis m\u00e1s corta y eficaz de antibi\u00f3ticos puede limitar los efectos secundarios y las complicaciones. La cantidad adecuada de antibi\u00f3ticos es la que trata la infecci\u00f3n de forma eficaz, ni m\u00e1s ni menos, a\u00f1adi\u00f3.<\/p>\n<h2><strong>\u00bfCu\u00e1l es el antibi\u00f3tico adecuado para mi infecci\u00f3n y durante cu\u00e1nto tiempo tendr\u00e9 que tomarlo para sentirme mejor?<\/strong><\/h2>\n<p>Siempre que sea posible, los m\u00e9dicos recetar\u00e1n antibi\u00f3ticos de espectro reducido para evitar efectos secundarios y disminuir la resistencia a los antibi\u00f3ticos, explic\u00f3 Huang.<\/p>\n<p>Los antibi\u00f3ticos de amplio espectro pueden causar da\u00f1os colaterales al eliminar las bacterias beneficiosas, lo que provoca efectos secundarios y complicaciones desagradables o perjudiciales.<\/p>\n<p>Los investigadores tambi\u00e9n est\u00e1n estudiando otras consecuencias del uso de antibi\u00f3ticos.<\/p>\n<p>Una dosificaci\u00f3n m\u00e1s inteligente tambi\u00e9n se aplica al tipo de antibi\u00f3tico que recetar\u00e1 el m\u00e9dico.<\/p>\n<p>Siempre que es posible, Santiago prefiere recetar a sus pacientes el medicamento m\u00e1s sencillo. Por ejemplo, si una persona tiene una infecci\u00f3n cut\u00e1nea, se recomendar\u00e1 un antibi\u00f3tico t\u00f3pico en lugar de uno oral.<\/p>\n<h2><strong>\u00bfSigue siendo cierto que se deben tomar todos los antibi\u00f3ticos incluso despu\u00e9s de sentirse mejor?<\/strong><\/h2>\n<p>S\u00ed. Si tiene una infecci\u00f3n bacteriana y su m\u00e9dico le receta antibi\u00f3ticos, debe completar el tratamiento. Terminar el ciclo completo de antibi\u00f3ticos garantiza que el medicamento elimine la infecci\u00f3n. Hable con su m\u00e9dico si cree que le han recetado m\u00e1s antibi\u00f3ticos de los que necesita.<\/p>\n<h2><strong>\u00bfCu\u00e1les son los hallazgos m\u00e1s recientes sobre las alergias a la penicilina?<\/strong><\/h2>\n<p>Las alergias a la penicilina son otro de los temas centrales de la nueva investigaci\u00f3n sobre antibi\u00f3ticos, afirm\u00f3 Huang.<\/p>\n<p>Alrededor del 10% de los pacientes afirman tener alergia a la penicilina, indic\u00f3 Huang. A veces, las personas no recuerdan cu\u00e1l fue la reacci\u00f3n, pero s\u00ed recuerdan que un m\u00e9dico o un familiar les dijo que nunca volvieran a tomarla.<\/p>\n<p>\u201cLo que sabemos ahora sobre las alergias a la penicilina es que, en realidad, menos del 1 % de la poblaci\u00f3n tiene una verdadera alergia que le impedir\u00eda tomar penicilina y antibi\u00f3ticos relacionados\u201d, explic\u00f3 Huang.<\/p>\n<p>\u201cTambi\u00e9n sabemos que muchas personas que tuvieron reacciones al\u00e9rgicas en la infancia ya no las presentan en la edad adulta. Por lo tanto, es posible que ya no sean al\u00e9rgicas en la edad adulta\u201d.<\/p>\n<p>Los m\u00e9dicos tienen mecanismos relativamente sencillos para determinar si una persona es al\u00e9rgica a la penicilina. Y determinar eso le permite al m\u00e9dico evitar el uso de un antibi\u00f3tico de amplio espectro.<\/p>\n<p>\u201cAl aclarar si una persona realmente tiene alergia a la penicilina o no, podemos ofrecerle m\u00e1s opciones de antibi\u00f3ticos\u201d, dijo.<\/p>\n<h2><strong>Recu\u00e9rdeme de nuevo. \u00bfCu\u00e1les son los consejos b\u00e1sicos que debo seguir para usar los antibi\u00f3ticos de forma adecuada?<\/strong><\/h2>\n<ul>\n<li>Siga los consejos de su m\u00e9dico. Si le dice que los antibi\u00f3ticos no le servir\u00e1n, conf\u00ede en que le est\u00e1 ayudando a tomar la mejor decisi\u00f3n.<\/li>\n<li>Use antibi\u00f3ticos solo cuando sean necesarios. Recuerde que los resfriados y la gripe son causados por virus. Los antibi\u00f3ticos no le ayudar\u00e1n a sentirse mejor.<\/li>\n<li>Mant\u00e9ngase sano manteniendo al d\u00eda sus vacunas, incluidas las que previenen o reducen la gravedad de enfermedades como la gripe, la COVID-19 y el virus respiratorio sincitial. <a id=\"https:\/\/www.uchealth.org\/today\/es-aumentan-los-casos-de-influenza-que-hacer-si-siente-malestar\/\" href=\"https:\/\/www.uchealth.org\/today\/es-aumentan-los-casos-de-influenza-que-hacer-si-siente-malestar\/\">A\u00fan est\u00e1 a tiempo de vacunarse contra la gripe.<\/a><\/li>\n<li>Si necesita antibi\u00f3ticos, solicite el tratamiento m\u00e1s breve y eficaz posible y \u00faselo durante el tiempo indicado.<\/li>\n<li>Utilice el antibi\u00f3tico adecuado. Un antibi\u00f3tico de espectro reducido ataca la infecci\u00f3n espec\u00edfica y ayuda a prevenir los efectos secundarios.<\/li>\n<li>Si cree que es al\u00e9rgico a la penicilina, consulte con su m\u00e9dico para que le realice una prueba. Muchas personas que creen ser al\u00e9rgicas no lo son y poder tomar penicilina contribuye al uso responsable de los antibi\u00f3ticos.<\/li>\n<\/ul>\n<h2><strong>\u00bfC\u00f3mo puedo evitar enfermarme durante la temporada de resfriados y gripe?<\/strong><\/h2>\n<p>La <a id=\"https:\/\/es.uchealth.org\/provider\/michelle-barron-md\/\" href=\"https:\/\/es.uchealth.org\/provider\/michelle-barron-md\/\">Dra. Michelle Barron,<\/a> directora m\u00e9dica s\u00e9nior de prevenci\u00f3n y control de infecciones para UCHealth, recomienda seguir las siguientes recomendaciones:<\/p>\n<ul>\n<li>L\u00e1vese las manos con frecuencia con agua y jab\u00f3n.<\/li>\n<li>C\u00fabrase la boca al toser.<\/li>\n<li>Qu\u00e9dese en casa si est\u00e1 enfermo. No contagie a otras personas.<\/li>\n<li>Si no puede lavarse las manos con agua y jab\u00f3n, use desinfectante de manos. Pero recuerde que el desinfectante no elimina los virus que causan problemas estomacales, como el norovirus. Para eliminar estos virus, debe usar agua con jab\u00f3n o lej\u00eda.<\/li>\n<li>Limpie las superficies con frecuencia. (Barron siempre tiene toallitas de lej\u00eda a mano).<\/li>\n<li>Limpie sus dispositivos electr\u00f3nicos. Si se ha lavado las manos, pero no ha limpiado el tel\u00e9fono y lo toca y luego come, puede enfermarse.<\/li>\n<li>Si sus manos no est\u00e1n limpias, evite tocarse la cara, los ojos o la nariz, ya que puede transmitir el virus.<\/li>\n<\/ul>\n<h2><strong>\u00bfQu\u00e9 es la resistencia a los antibi\u00f3ticos?<\/strong><\/h2>\n<p>La resistencia a los antibi\u00f3ticos ocurre cuando las bacterias se adaptan y los antibi\u00f3ticos dejan de ser eficaces para eliminarlas.<\/p>\n<p>Las bacterias resistentes a los medicamentos incluso pueden transmitir sus genes de resistencia a otras cepas. La resistencia a los antibi\u00f3ticos ha sido un problema desde que se empezaron a usar.<\/p>\n<p>El n\u00famero de bacterias resistentes a los antibi\u00f3ticos est\u00e1 aumentando y cada vez m\u00e1s son resistentes a m\u00faltiples tipos de antibi\u00f3ticos, afirm\u00f3 Huang.<\/p>\n<p>Los pacientes que padecen este tipo de infecciones pueden tener opciones de tratamiento antibi\u00f3tico muy limitadas.<\/p>\n<p>&#8221;Podemos encontrarnos con situaciones en las que las infecciones resultan m\u00e1s dif\u00edciles de tratar&#8221;, explic\u00f3. &#8221;Tenemos menos opciones de tratamiento y, a veces, ninguna, lo cual resulta realmente preocupante&#8221;.<\/p>\n<h2><strong>\u00bfEs com\u00fan la resistencia a los antibi\u00f3ticos en todo el mundo o es una situaci\u00f3n limitada a los Estados Unidos?<\/strong><\/h2>\n<p>La resistencia a los antibi\u00f3ticos es un desaf\u00edo global, dijo Huang.<\/p>\n<p>Expertos m\u00e9dicos en los U.S. Centers for Disease Control and Prevention (CDC)<a id=\"\" href=\"https:\/\/www.cdc.gov\/antimicrobial-resistance\/programs\/AR-actions-events.html\" target=\"_blank\" rel=\"noopener\"> consideran la resistencia a los antibi\u00f3ticos una prioridad nacional<\/a> en los Estados Unidos, y crearon un <a id=\"\" href=\"https:\/\/aspe.hhs.gov\/sites\/default\/files\/migrated_legacy_files\/196436\/CARB-National-Action-Plan-2020-2025.pdf\" target=\"_blank\" rel=\"noopener\">plan nacional para hacer frente a este desaf\u00edo de salud en el 2020.<\/a><\/p>\n<p>Huang subraya que los antibi\u00f3ticos son un tipo de medicamento especial porque su uso no solo afecta a la persona que los toma, sino tambi\u00e9n a toda la comunidad. Todos tenemos la responsabilidad de usarlos de manera responsable para prevenir la resistencia a los antibi\u00f3ticos.<\/p>\n<p>El uso excesivo de antibi\u00f3ticos es muy com\u00fan, afirm\u00f3 Huang.<\/p>\n<p>Por eso, ella y otros profesionales de la salud trabajan constantemente para mejorar la formaci\u00f3n de m\u00e9dicos y pacientes sobre el uso adecuado de los antibi\u00f3ticos.<\/p>\n<h2><strong>\u00bfPor qu\u00e9 es tan peligrosa la resistencia a los antibi\u00f3ticos?<\/strong><\/h2>\n<p>Las consecuencias de la resistencia a los antibi\u00f3ticos son graves, dijo Huang.<\/p>\n<p>Cuando una bacteria se vuelve resistente a un antibi\u00f3tico, los m\u00e9dicos ya no pueden usarlo para tratar ese tipo de infecci\u00f3n y deben recurrir a otras opciones.<\/p>\n<p>Esto puede obligarlos a recetar un antibi\u00f3tico de amplio espectro, que elimina m\u00e1s tipos de bacterias que los deseados, incluidas las consideradas &#8220;bacterias beneficiosas&#8221; para el organismo. Esto puede causar efectos secundarios desagradables o infecciones por Clostridium difficile.<\/p>\n<p>En otros casos, los m\u00e9dicos pueden tener que administrar antibi\u00f3ticos por v\u00eda intravenosa en lugar de por v\u00eda oral. Este tratamiento es m\u00e1s caro y m\u00e1s complicado de administrar.<\/p>\n<p>En los casos m\u00e1s graves, un paciente puede presentar una infecci\u00f3n contra la que ning\u00fan antibi\u00f3tico puede combatir. En los Estados Unidos, <a id=\"\" href=\"https:\/\/www.cdc.gov\/antimicrobial-resistance\/data-research\/facts-stats\/index.html\" target=\"_blank\" rel=\"noopener\">los organismos resistentes a los antibi\u00f3ticos infectan a 2.8 millones de personas anualmente <\/a>y al menos 35,000 personas mueren por esa causa, seg\u00fan datos de expertos del U.S. Centers for Disease Control and Prevention. Un estudio de 2024 publicado en The Lancet revel\u00f3 que, a nivel global,<a id=\"\" href=\"https:\/\/www.thelancet.com\/journals\/lancet\/article\/PIIS0140-6736(24)01867-1\/fulltext\" target=\"_blank\" rel=\"noopener\"> las muertes atribuidas a infecciones con resistencia a los antibi\u00f3ticos podr\u00edan alcanzar los 39 millones para el 2050<\/a>.<\/p>\n<h2><strong>\u00bfC\u00f3mo nos beneficiar\u00e1 a todos una mejor gesti\u00f3n del uso de antibi\u00f3ticos?<\/strong><\/h2>\n<p>El objetivo del uso racional de los antibi\u00f3ticos es garantizar que los pacientes los utilicen de la manera m\u00e1s eficaz para tratar las infecciones, minimizando al mismo tiempo la resistencia a los antibi\u00f3ticos.<\/p>\n<p>\u201cQueremos preservar los antibi\u00f3ticos para que est\u00e9n disponibles cuando realmente los necesitemos\u201d, dijo Huang. \u201cY podemos lograrlo utilizando los antibi\u00f3ticos adecuados solo cuando sean necesarios, en la dosis correcta y durante el tiempo estrictamente necesario\u201d.<\/p>\n<p><strong>\u00a0<\/strong><\/p>\n","protected":false},"excerpt":{"rendered":"<p>Si se siente mal y sali\u00f3 del consultorio m\u00e9dico sin una receta de antibi\u00f3ticos, no se alarme. Es probable que su m\u00e9dico haya consultado las investigaciones m\u00e1s recientes sobre c\u00f3mo funcionan mejor los antibi\u00f3ticos y cu\u00e1ndo los pacientes realmente los necesitan. Hoy en d\u00eda, los profesionales de la salud prestan mucha atenci\u00f3n a lo que [&hellip;]<\/p>\n","protected":false},"author":2418,"featured_media":87982,"comment_status":"closed","ping_status":"closed","sticky":false,"template":"","format":"standard","meta":{"_acf_changed":false,"_relevanssi_hide_post":"","_relevanssi_hide_content":"","_relevanssi_pin_for_all":"","_relevanssi_pin_keywords":"","_relevanssi_unpin_keywords":"","_relevanssi_related_keywords":"","_relevanssi_related_include_ids":"","_relevanssi_related_exclude_ids":"","_relevanssi_related_no_append":"","_relevanssi_related_not_related":"","_relevanssi_related_posts":"","_relevanssi_noindex_reason":"","footnotes":""},"categories":[9192],"tags":[9245,9214,9132],"class_list":["post-88201","post","type-post","status-publish","format-standard","has-post-thumbnail","hentry","category-espanol","tag-enfermedades-infecciosas","tag-noticias","tag-traducciones-en-espanol"],"acf":[],"yoast_head":"<!-- This site is optimized with the Yoast SEO Premium plugin v27.4 (Yoast SEO v27.4) - https:\/\/yoast.com\/product\/yoast-seo-premium-wordpress\/ -->\n<title>Por qu\u00e9 los m\u00e9dicos evitan recetar antibi\u00f3ticos \u2013 UCHealth Today<\/title>\n<meta name=\"description\" content=\"Descubra por qu\u00e9 los m\u00e9dicos evitan recetar antibi\u00f3ticos y c\u00f3mo los tratamientos m\u00e1s inteligentes y seguros ayudan a proteger a los pacientes y a prevenir la resistencia a los antibi\u00f3ticos.\" \/>\n<meta name=\"robots\" content=\"index, follow, max-snippet:-1, max-image-preview:large, max-video-preview:-1\" \/>\n<link rel=\"canonical\" href=\"https:\/\/www.uchealth.org\/today\/es-por-que-los-medicos-evitan-recetar-antibioticos\/\" \/>\n<meta property=\"og:locale\" content=\"en_US\" \/>\n<meta property=\"og:type\" content=\"article\" \/>\n<meta property=\"og:title\" content=\"Por qu\u00e9 su m\u00e9dico puede no recetarle antibi\u00f3ticos y por qu\u00e9 eso es algo positivo\" \/>\n<meta property=\"og:description\" content=\"Descubra por qu\u00e9 los m\u00e9dicos evitan recetar antibi\u00f3ticos y c\u00f3mo los tratamientos m\u00e1s inteligentes y seguros ayudan a proteger a los pacientes y a prevenir la resistencia a los antibi\u00f3ticos.\" \/>\n<meta property=\"og:url\" content=\"https:\/\/www.uchealth.org\/today\/es-por-que-los-medicos-evitan-recetar-antibioticos\/\" \/>\n<meta property=\"og:site_name\" content=\"UCHealth Today\" \/>\n<meta property=\"article:publisher\" content=\"https:\/\/www.facebook.com\/uchealthorg\/\" \/>\n<meta property=\"article:published_time\" content=\"2026-01-29T23:03:57+00:00\" \/>\n<meta property=\"og:image\" content=\"https:\/\/uchealth-wp-uploads.s3.amazonaws.com\/wp-content\/uploads\/sites\/6\/2026\/01\/13120337\/GettyImages-894559892-pills-antibiotics-web.jpg\" \/>\n\t<meta property=\"og:image:type\" content=\"image\/jpeg\" \/>\n<meta name=\"author\" content=\"Joanna Bean\" \/>\n<meta name=\"twitter:card\" content=\"summary_large_image\" \/>\n<meta name=\"twitter:creator\" content=\"@uchealth\" \/>\n<meta name=\"twitter:site\" content=\"@uchealth\" \/>\n<meta name=\"twitter:label1\" content=\"Written by\" \/>\n\t<meta name=\"twitter:data1\" content=\"Joanna Bean\" \/>\n\t<meta name=\"twitter:label2\" content=\"Est. reading time\" \/>\n\t<meta name=\"twitter:data2\" content=\"16 minutes\" \/>\n<script type=\"application\/ld+json\" class=\"yoast-schema-graph\">{\"@context\":\"https:\\\/\\\/schema.org\",\"@graph\":[{\"@type\":\"Article\",\"@id\":\"https:\\\/\\\/www.uchealth.org\\\/today\\\/es-por-que-los-medicos-evitan-recetar-antibioticos\\\/#article\",\"isPartOf\":{\"@id\":\"https:\\\/\\\/www.uchealth.org\\\/today\\\/es-por-que-los-medicos-evitan-recetar-antibioticos\\\/\"},\"author\":{\"name\":\"Joanna Bean\",\"@id\":\"https:\\\/\\\/www.uchealth.org\\\/today\\\/#\\\/schema\\\/person\\\/d2654b7af79d7cee33cf7bbfeb9d40aa\"},\"headline\":\"Por qu\u00e9 su m\u00e9dico puede no recetarle antibi\u00f3ticos y por qu\u00e9 eso es algo positivo\",\"datePublished\":\"2026-01-29T23:03:57+00:00\",\"mainEntityOfPage\":{\"@id\":\"https:\\\/\\\/www.uchealth.org\\\/today\\\/es-por-que-los-medicos-evitan-recetar-antibioticos\\\/\"},\"wordCount\":3869,\"publisher\":{\"@id\":\"https:\\\/\\\/www.uchealth.org\\\/today\\\/#organization\"},\"image\":{\"@id\":\"https:\\\/\\\/www.uchealth.org\\\/today\\\/es-por-que-los-medicos-evitan-recetar-antibioticos\\\/#primaryimage\"},\"thumbnailUrl\":\"https:\\\/\\\/uchealth-wp-uploads.s3.amazonaws.com\\\/wp-content\\\/uploads\\\/sites\\\/6\\\/2026\\\/01\\\/13120337\\\/GettyImages-894559892-pills-antibiotics-web.webp\",\"keywords\":[\"enfermedades infecciosas\",\"noticias\",\"Traducciones en espa\u00f1ol\"],\"articleSection\":[\"Espa\u00f1ol\"],\"inLanguage\":\"en-US\"},{\"@type\":\"WebPage\",\"@id\":\"https:\\\/\\\/www.uchealth.org\\\/today\\\/es-por-que-los-medicos-evitan-recetar-antibioticos\\\/\",\"url\":\"https:\\\/\\\/www.uchealth.org\\\/today\\\/es-por-que-los-medicos-evitan-recetar-antibioticos\\\/\",\"name\":\"Por qu\u00e9 los m\u00e9dicos evitan recetar antibi\u00f3ticos \u2013 UCHealth Today\",\"isPartOf\":{\"@id\":\"https:\\\/\\\/www.uchealth.org\\\/today\\\/#website\"},\"primaryImageOfPage\":{\"@id\":\"https:\\\/\\\/www.uchealth.org\\\/today\\\/es-por-que-los-medicos-evitan-recetar-antibioticos\\\/#primaryimage\"},\"image\":{\"@id\":\"https:\\\/\\\/www.uchealth.org\\\/today\\\/es-por-que-los-medicos-evitan-recetar-antibioticos\\\/#primaryimage\"},\"thumbnailUrl\":\"https:\\\/\\\/uchealth-wp-uploads.s3.amazonaws.com\\\/wp-content\\\/uploads\\\/sites\\\/6\\\/2026\\\/01\\\/13120337\\\/GettyImages-894559892-pills-antibiotics-web.webp\",\"datePublished\":\"2026-01-29T23:03:57+00:00\",\"description\":\"Descubra por qu\u00e9 los m\u00e9dicos evitan recetar antibi\u00f3ticos y c\u00f3mo los tratamientos m\u00e1s inteligentes y seguros ayudan a proteger a los pacientes y a prevenir la resistencia a los antibi\u00f3ticos.\",\"breadcrumb\":{\"@id\":\"https:\\\/\\\/www.uchealth.org\\\/today\\\/es-por-que-los-medicos-evitan-recetar-antibioticos\\\/#breadcrumb\"},\"inLanguage\":\"en-US\",\"potentialAction\":[{\"@type\":\"ReadAction\",\"target\":[\"https:\\\/\\\/www.uchealth.org\\\/today\\\/es-por-que-los-medicos-evitan-recetar-antibioticos\\\/\"]}]},{\"@type\":\"ImageObject\",\"inLanguage\":\"en-US\",\"@id\":\"https:\\\/\\\/www.uchealth.org\\\/today\\\/es-por-que-los-medicos-evitan-recetar-antibioticos\\\/#primaryimage\",\"url\":\"https:\\\/\\\/uchealth-wp-uploads.s3.amazonaws.com\\\/wp-content\\\/uploads\\\/sites\\\/6\\\/2026\\\/01\\\/13120337\\\/GettyImages-894559892-pills-antibiotics-web.webp\",\"contentUrl\":\"https:\\\/\\\/uchealth-wp-uploads.s3.amazonaws.com\\\/wp-content\\\/uploads\\\/sites\\\/6\\\/2026\\\/01\\\/13120337\\\/GettyImages-894559892-pills-antibiotics-web.webp\",\"width\":800,\"height\":488,\"caption\":\"Antibiotics are powerful tools, but careful prescribing helps ensure they remain effective long\u2011term. Photo: Getty Images.\"},{\"@type\":\"BreadcrumbList\",\"@id\":\"https:\\\/\\\/www.uchealth.org\\\/today\\\/es-por-que-los-medicos-evitan-recetar-antibioticos\\\/#breadcrumb\",\"itemListElement\":[{\"@type\":\"ListItem\",\"position\":1,\"name\":\"Home\",\"item\":\"https:\\\/\\\/www.uchealth.org\\\/today\\\/\"},{\"@type\":\"ListItem\",\"position\":2,\"name\":\"Por qu\u00e9 su m\u00e9dico puede no recetarle antibi\u00f3ticos y por qu\u00e9 eso es algo positivo\"}]},{\"@type\":\"WebSite\",\"@id\":\"https:\\\/\\\/www.uchealth.org\\\/today\\\/#website\",\"url\":\"https:\\\/\\\/www.uchealth.org\\\/today\\\/\",\"name\":\"UCHealth Today\",\"description\":\"UCHealth Today\",\"publisher\":{\"@id\":\"https:\\\/\\\/www.uchealth.org\\\/today\\\/#organization\"},\"potentialAction\":[{\"@type\":\"SearchAction\",\"target\":{\"@type\":\"EntryPoint\",\"urlTemplate\":\"https:\\\/\\\/www.uchealth.org\\\/today\\\/?s={search_term_string}\"},\"query-input\":{\"@type\":\"PropertyValueSpecification\",\"valueRequired\":true,\"valueName\":\"search_term_string\"}}],\"inLanguage\":\"en-US\"},{\"@type\":\"Organization\",\"@id\":\"https:\\\/\\\/www.uchealth.org\\\/today\\\/#organization\",\"name\":\"UCHealth\",\"url\":\"https:\\\/\\\/www.uchealth.org\\\/today\\\/\",\"logo\":{\"@type\":\"ImageObject\",\"inLanguage\":\"en-US\",\"@id\":\"https:\\\/\\\/www.uchealth.org\\\/today\\\/#\\\/schema\\\/logo\\\/image\\\/\",\"url\":\"https:\\\/\\\/uchealth-wp-uploads.s3.amazonaws.com\\\/wp-content\\\/uploads\\\/sites\\\/6\\\/2020\\\/04\\\/24135149\\\/UCHealth-square-logo-1000x1000-1.jpg\",\"contentUrl\":\"https:\\\/\\\/uchealth-wp-uploads.s3.amazonaws.com\\\/wp-content\\\/uploads\\\/sites\\\/6\\\/2020\\\/04\\\/24135149\\\/UCHealth-square-logo-1000x1000-1.jpg\",\"width\":1000,\"height\":1000,\"caption\":\"UCHealth\"},\"image\":{\"@id\":\"https:\\\/\\\/www.uchealth.org\\\/today\\\/#\\\/schema\\\/logo\\\/image\\\/\"},\"sameAs\":[\"https:\\\/\\\/www.facebook.com\\\/uchealthorg\\\/\",\"https:\\\/\\\/x.com\\\/uchealth\",\"https:\\\/\\\/www.instagram.com\\\/uchealth\\\/\",\"https:\\\/\\\/www.linkedin.com\\\/school\\\/14839\\\/\",\"https:\\\/\\\/www.pinterest.com\\\/uchealthorg\\\/\",\"https:\\\/\\\/www.youtube.com\\\/channel\\\/UC41SJI79yjZIe96OajzN22g\"]},{\"@type\":\"Person\",\"@id\":\"https:\\\/\\\/www.uchealth.org\\\/today\\\/#\\\/schema\\\/person\\\/d2654b7af79d7cee33cf7bbfeb9d40aa\",\"name\":\"Joanna Bean\",\"image\":{\"@type\":\"ImageObject\",\"inLanguage\":\"en-US\",\"@id\":\"https:\\\/\\\/secure.gravatar.com\\\/avatar\\\/83a0cf56327c5a19f2e7f6fa78ee066ab3b215efddddef76944398ed6e340216?s=96&d=mm&r=g\",\"url\":\"https:\\\/\\\/secure.gravatar.com\\\/avatar\\\/83a0cf56327c5a19f2e7f6fa78ee066ab3b215efddddef76944398ed6e340216?s=96&d=mm&r=g\",\"contentUrl\":\"https:\\\/\\\/secure.gravatar.com\\\/avatar\\\/83a0cf56327c5a19f2e7f6fa78ee066ab3b215efddddef76944398ed6e340216?s=96&d=mm&r=g\",\"caption\":\"Joanna Bean\"},\"description\":\"Joanna Bean is a writer for UCHealth Today. As the daughter of a Denver physician, she grew up hearing about the lifesaving power of medicine and the providers who care for patients. She loves meeting people and sharing their stories. Before joining UCHealth in 2025, Joanna worked as an award-winning reporter and editor-in-chief of The Colorado Springs Gazette. She also worked in communications roles at the University of Colorado Colorado Springs, where she earned a Master of Public Administration degree. Joanna is a longtime resident of Colorado Springs and loves spending time in southern Colorado skiing, hiking, camping and biking \u2013 including on a tandem bike she rides with her husband.\",\"url\":\"https:\\\/\\\/www.uchealth.org\\\/today\\\/author\\\/jbean\\\/\"}]}<\/script>\n<!-- \/ Yoast SEO Premium plugin. -->","yoast_head_json":{"title":"Por qu\u00e9 los m\u00e9dicos evitan recetar antibi\u00f3ticos \u2013 UCHealth Today","description":"Descubra por qu\u00e9 los m\u00e9dicos evitan recetar antibi\u00f3ticos y c\u00f3mo los tratamientos m\u00e1s inteligentes y seguros ayudan a proteger a los pacientes y a prevenir la resistencia a los antibi\u00f3ticos.","robots":{"index":"index","follow":"follow","max-snippet":"max-snippet:-1","max-image-preview":"max-image-preview:large","max-video-preview":"max-video-preview:-1"},"canonical":"https:\/\/www.uchealth.org\/today\/es-por-que-los-medicos-evitan-recetar-antibioticos\/","og_locale":"en_US","og_type":"article","og_title":"Por qu\u00e9 su m\u00e9dico puede no recetarle antibi\u00f3ticos y por qu\u00e9 eso es algo positivo","og_description":"Descubra por qu\u00e9 los m\u00e9dicos evitan recetar antibi\u00f3ticos y c\u00f3mo los tratamientos m\u00e1s inteligentes y seguros ayudan a proteger a los pacientes y a prevenir la resistencia a los antibi\u00f3ticos.","og_url":"https:\/\/www.uchealth.org\/today\/es-por-que-los-medicos-evitan-recetar-antibioticos\/","og_site_name":"UCHealth Today","article_publisher":"https:\/\/www.facebook.com\/uchealthorg\/","article_published_time":"2026-01-29T23:03:57+00:00","og_image":[{"url":"https:\/\/uchealth-wp-uploads.s3.amazonaws.com\/wp-content\/uploads\/sites\/6\/2026\/01\/13120337\/GettyImages-894559892-pills-antibiotics-web.jpg","type":"image\/jpeg"}],"author":"Joanna Bean","twitter_card":"summary_large_image","twitter_creator":"@uchealth","twitter_site":"@uchealth","twitter_misc":{"Written by":"Joanna Bean","Est. reading time":"16 minutes"},"schema":{"@context":"https:\/\/schema.org","@graph":[{"@type":"Article","@id":"https:\/\/www.uchealth.org\/today\/es-por-que-los-medicos-evitan-recetar-antibioticos\/#article","isPartOf":{"@id":"https:\/\/www.uchealth.org\/today\/es-por-que-los-medicos-evitan-recetar-antibioticos\/"},"author":{"name":"Joanna Bean","@id":"https:\/\/www.uchealth.org\/today\/#\/schema\/person\/d2654b7af79d7cee33cf7bbfeb9d40aa"},"headline":"Por qu\u00e9 su m\u00e9dico puede no recetarle antibi\u00f3ticos y por qu\u00e9 eso es algo positivo","datePublished":"2026-01-29T23:03:57+00:00","mainEntityOfPage":{"@id":"https:\/\/www.uchealth.org\/today\/es-por-que-los-medicos-evitan-recetar-antibioticos\/"},"wordCount":3869,"publisher":{"@id":"https:\/\/www.uchealth.org\/today\/#organization"},"image":{"@id":"https:\/\/www.uchealth.org\/today\/es-por-que-los-medicos-evitan-recetar-antibioticos\/#primaryimage"},"thumbnailUrl":"https:\/\/uchealth-wp-uploads.s3.amazonaws.com\/wp-content\/uploads\/sites\/6\/2026\/01\/13120337\/GettyImages-894559892-pills-antibiotics-web.webp","keywords":["enfermedades infecciosas","noticias","Traducciones en espa\u00f1ol"],"articleSection":["Espa\u00f1ol"],"inLanguage":"en-US"},{"@type":"WebPage","@id":"https:\/\/www.uchealth.org\/today\/es-por-que-los-medicos-evitan-recetar-antibioticos\/","url":"https:\/\/www.uchealth.org\/today\/es-por-que-los-medicos-evitan-recetar-antibioticos\/","name":"Por qu\u00e9 los m\u00e9dicos evitan recetar antibi\u00f3ticos \u2013 UCHealth Today","isPartOf":{"@id":"https:\/\/www.uchealth.org\/today\/#website"},"primaryImageOfPage":{"@id":"https:\/\/www.uchealth.org\/today\/es-por-que-los-medicos-evitan-recetar-antibioticos\/#primaryimage"},"image":{"@id":"https:\/\/www.uchealth.org\/today\/es-por-que-los-medicos-evitan-recetar-antibioticos\/#primaryimage"},"thumbnailUrl":"https:\/\/uchealth-wp-uploads.s3.amazonaws.com\/wp-content\/uploads\/sites\/6\/2026\/01\/13120337\/GettyImages-894559892-pills-antibiotics-web.webp","datePublished":"2026-01-29T23:03:57+00:00","description":"Descubra por qu\u00e9 los m\u00e9dicos evitan recetar antibi\u00f3ticos y c\u00f3mo los tratamientos m\u00e1s inteligentes y seguros ayudan a proteger a los pacientes y a prevenir la resistencia a los antibi\u00f3ticos.","breadcrumb":{"@id":"https:\/\/www.uchealth.org\/today\/es-por-que-los-medicos-evitan-recetar-antibioticos\/#breadcrumb"},"inLanguage":"en-US","potentialAction":[{"@type":"ReadAction","target":["https:\/\/www.uchealth.org\/today\/es-por-que-los-medicos-evitan-recetar-antibioticos\/"]}]},{"@type":"ImageObject","inLanguage":"en-US","@id":"https:\/\/www.uchealth.org\/today\/es-por-que-los-medicos-evitan-recetar-antibioticos\/#primaryimage","url":"https:\/\/uchealth-wp-uploads.s3.amazonaws.com\/wp-content\/uploads\/sites\/6\/2026\/01\/13120337\/GettyImages-894559892-pills-antibiotics-web.webp","contentUrl":"https:\/\/uchealth-wp-uploads.s3.amazonaws.com\/wp-content\/uploads\/sites\/6\/2026\/01\/13120337\/GettyImages-894559892-pills-antibiotics-web.webp","width":800,"height":488,"caption":"Antibiotics are powerful tools, but careful prescribing helps ensure they remain effective long\u2011term. Photo: Getty Images."},{"@type":"BreadcrumbList","@id":"https:\/\/www.uchealth.org\/today\/es-por-que-los-medicos-evitan-recetar-antibioticos\/#breadcrumb","itemListElement":[{"@type":"ListItem","position":1,"name":"Home","item":"https:\/\/www.uchealth.org\/today\/"},{"@type":"ListItem","position":2,"name":"Por qu\u00e9 su m\u00e9dico puede no recetarle antibi\u00f3ticos y por qu\u00e9 eso es algo positivo"}]},{"@type":"WebSite","@id":"https:\/\/www.uchealth.org\/today\/#website","url":"https:\/\/www.uchealth.org\/today\/","name":"UCHealth Today","description":"UCHealth Today","publisher":{"@id":"https:\/\/www.uchealth.org\/today\/#organization"},"potentialAction":[{"@type":"SearchAction","target":{"@type":"EntryPoint","urlTemplate":"https:\/\/www.uchealth.org\/today\/?s={search_term_string}"},"query-input":{"@type":"PropertyValueSpecification","valueRequired":true,"valueName":"search_term_string"}}],"inLanguage":"en-US"},{"@type":"Organization","@id":"https:\/\/www.uchealth.org\/today\/#organization","name":"UCHealth","url":"https:\/\/www.uchealth.org\/today\/","logo":{"@type":"ImageObject","inLanguage":"en-US","@id":"https:\/\/www.uchealth.org\/today\/#\/schema\/logo\/image\/","url":"https:\/\/uchealth-wp-uploads.s3.amazonaws.com\/wp-content\/uploads\/sites\/6\/2020\/04\/24135149\/UCHealth-square-logo-1000x1000-1.jpg","contentUrl":"https:\/\/uchealth-wp-uploads.s3.amazonaws.com\/wp-content\/uploads\/sites\/6\/2020\/04\/24135149\/UCHealth-square-logo-1000x1000-1.jpg","width":1000,"height":1000,"caption":"UCHealth"},"image":{"@id":"https:\/\/www.uchealth.org\/today\/#\/schema\/logo\/image\/"},"sameAs":["https:\/\/www.facebook.com\/uchealthorg\/","https:\/\/x.com\/uchealth","https:\/\/www.instagram.com\/uchealth\/","https:\/\/www.linkedin.com\/school\/14839\/","https:\/\/www.pinterest.com\/uchealthorg\/","https:\/\/www.youtube.com\/channel\/UC41SJI79yjZIe96OajzN22g"]},{"@type":"Person","@id":"https:\/\/www.uchealth.org\/today\/#\/schema\/person\/d2654b7af79d7cee33cf7bbfeb9d40aa","name":"Joanna Bean","image":{"@type":"ImageObject","inLanguage":"en-US","@id":"https:\/\/secure.gravatar.com\/avatar\/83a0cf56327c5a19f2e7f6fa78ee066ab3b215efddddef76944398ed6e340216?s=96&d=mm&r=g","url":"https:\/\/secure.gravatar.com\/avatar\/83a0cf56327c5a19f2e7f6fa78ee066ab3b215efddddef76944398ed6e340216?s=96&d=mm&r=g","contentUrl":"https:\/\/secure.gravatar.com\/avatar\/83a0cf56327c5a19f2e7f6fa78ee066ab3b215efddddef76944398ed6e340216?s=96&d=mm&r=g","caption":"Joanna Bean"},"description":"Joanna Bean is a writer for UCHealth Today. As the daughter of a Denver physician, she grew up hearing about the lifesaving power of medicine and the providers who care for patients. She loves meeting people and sharing their stories. Before joining UCHealth in 2025, Joanna worked as an award-winning reporter and editor-in-chief of The Colorado Springs Gazette. She also worked in communications roles at the University of Colorado Colorado Springs, where she earned a Master of Public Administration degree. Joanna is a longtime resident of Colorado Springs and loves spending time in southern Colorado skiing, hiking, camping and biking \u2013 including on a tandem bike she rides with her husband.","url":"https:\/\/www.uchealth.org\/today\/author\/jbean\/"}]}},"coauthors":[{"id":2418,"name":"Joanna Bean","link":"https:\/\/www.uchealth.org\/today\/author\/jbean\/"}],"_links":{"self":[{"href":"https:\/\/www.uchealth.org\/today\/wp-json\/wp\/v2\/posts\/88201","targetHints":{"allow":["GET"]}}],"collection":[{"href":"https:\/\/www.uchealth.org\/today\/wp-json\/wp\/v2\/posts"}],"about":[{"href":"https:\/\/www.uchealth.org\/today\/wp-json\/wp\/v2\/types\/post"}],"author":[{"embeddable":true,"href":"https:\/\/www.uchealth.org\/today\/wp-json\/wp\/v2\/users\/2418"}],"replies":[{"embeddable":true,"href":"https:\/\/www.uchealth.org\/today\/wp-json\/wp\/v2\/comments?post=88201"}],"version-history":[{"count":10,"href":"https:\/\/www.uchealth.org\/today\/wp-json\/wp\/v2\/posts\/88201\/revisions"}],"predecessor-version":[{"id":88374,"href":"https:\/\/www.uchealth.org\/today\/wp-json\/wp\/v2\/posts\/88201\/revisions\/88374"}],"wp:featuredmedia":[{"embeddable":true,"href":"https:\/\/www.uchealth.org\/today\/wp-json\/wp\/v2\/media\/87982"}],"wp:attachment":[{"href":"https:\/\/www.uchealth.org\/today\/wp-json\/wp\/v2\/media?parent=88201"}],"wp:term":[{"taxonomy":"category","embeddable":true,"href":"https:\/\/www.uchealth.org\/today\/wp-json\/wp\/v2\/categories?post=88201"},{"taxonomy":"post_tag","embeddable":true,"href":"https:\/\/www.uchealth.org\/today\/wp-json\/wp\/v2\/tags?post=88201"}],"curies":[{"name":"wp","href":"https:\/\/api.w.org\/{rel}","templated":true}]}}