{"id":93416,"date":"2026-09-02T10:52:20","date_gmt":"2026-09-02T16:52:20","guid":{"rendered":"https:\/\/www.uchealth.org\/today\/?p=93416"},"modified":"2026-09-02T10:52:20","modified_gmt":"2026-09-02T16:52:20","slug":"es-fiestas-patrias-celebraciones-del-mes-de-la-herencia-hispana","status":"publish","type":"post","link":"https:\/\/www.uchealth.org\/today\/es-fiestas-patrias-celebraciones-del-mes-de-la-herencia-hispana\/","title":{"rendered":"Fiestas Patrias en Colorado: Celebraciones del Mes de la Herencia Hispana"},"content":{"rendered":"<div style=\"margin-top: 0px; margin-bottom: 0px;\" class=\"sharethis-inline-share-buttons\" ><\/div><figure id=\"attachment_78092\" aria-describedby=\"caption-attachment-78092\" style=\"width: 640px\" class=\"wp-caption aligncenter\"><img loading=\"lazy\" decoding=\"async\" class=\"wp-image-78092\" src=\"https:\/\/uchealth-wp-uploads.s3.amazonaws.com\/wp-content\/uploads\/sites\/6\/2024\/09\/17103555\/2024FiestasPatrias_022-web.webp\" alt=\"Bailarinas mexicanas con coloridos vestidos se presentaron durante el festival Fiestas Patrias 2024 en el centro de Colorado Springs. Foto de Chuck Bigger, para UCHealth.\" width=\"640\" height=\"426\" \/><figcaption id=\"caption-attachment-78092\" class=\"wp-caption-text\">Bailarinas folkl\u00f3ricas con vestidos coloridos se presentaron durante el festival Fiestas Patrias 2024 en el centro de Colorado Springs. Foto de Chuck Bigger, para UCHealth.<\/figcaption><\/figure>\n<div>\n<p>Los caballos desfilan con elegancia y los bailarines mexicanos hacen ondear sus coloridos vestidos durante los eventos de las Fiestas Patrias, mientras los habitantes de Colorado celebran la independencia de M\u00e9xico y de otros pa\u00edses latinoamericanos durante el Mes de la Herencia Hispana.<\/p>\n<p>\u201cEs como una reuni\u00f3n familiar, como si estuvi\u00e9ramos de regreso en M\u00e9xico. Hay un gran sentido de comunidad\u201d, dijo Claudia Navarro Mart\u00ednez, quien disfruta de asistir cada a\u00f1o a la celebraci\u00f3n de las Fiestas Patrias en Colorado Springs.<\/p>\n<\/div>\n<p><a id=\"https:\/\/hispanicheritagemonth.gov\/About.html\" href=\"https:\/\/hispanicheritagemonth.gov\/About.html\" target=\"_blank\" rel=\"noopener\">El Mes de la Herencia Hispana<\/a> tiene lugar cada a\u00f1o en Estados Unidos entre el 15 de septiembre y el 15 de octubre.<\/p>\n<div>\n<p>Las celebraciones conmemoran los movimientos de independencia que tuvieron lugar durante el siglo XIX, cuando personas de M\u00e9xico, Centroam\u00e9rica y Sudam\u00e9rica lucharon por liberarse del dominio colonial de Espa\u00f1a y Portugal.<\/p>\n<\/div>\n<h2><strong>Celebraciones del D\u00eda de Independencia durante el Mes de la Herencia Hispana:<\/strong><\/h2>\n<div>\n<p>15 de septiembre: D\u00eda en que las personas de pa\u00edses como Costa Rica, El Salvador, Guatemala, Honduras y Nicaragua celebran su independencia de Espa\u00f1a.<\/p>\n<\/div>\n<p>16 de septiembre: D\u00eda en que los mexicanos celebran el inicio de su lucha por la independencia de Espa\u00f1a. El 16 de septiembre de 1810, un sacerdote cat\u00f3lico mexicano llamado Miguel Hidalgo y Costilla exhort\u00f3 a los feligreses en Dolores, Guanajuato, a levantarse y liberarse del dominio espa\u00f1ol. M\u00e1s tarde, ser\u00eda conocido como el <a id=\"https:\/\/hispanicheritagemonth.gov\/About.html\" href=\"https:\/\/www.britannica.com\/topic\/Mexican-Independence-Day\" target=\"_blank\" rel=\"noopener\">&#8220;padre de la independencia de M\u00e9xico&#8221;<\/a>. Las autoridades del colonialismo <a id=\"\" href=\"https:\/\/www.loc.gov\/exhibits\/mexican-revolution-and-the-united-states\/independence-from-spain.html\" target=\"_blank\" rel=\"noopener\">ejecutaron a Hidalgo<\/a>, por lo que no vivi\u00f3 para ver la independencia de Espa\u00f1a, que lleg\u00f3 oficialmente a\u00f1os despu\u00e9s, el 24 de agosto de 1821. Las celebraciones del 16 de septiembre suelen comenzar con gritos de libertad: \u201c\u00a1Viva M\u00e9xico!\u201d, mientras las personas recuerdan y honran las acciones de Hidalgo y compa\u00f1\u00eda.<\/p>\n<p>18 de septiembre: D\u00eda en que los chilenos celebran su independencia de Espa\u00f1a. Este d\u00eda conmemora la formaci\u00f3n de la Primera Junta Nacional de Gobierno de Chile en 1810, considerado el inicio del proceso que llev\u00f3 a la independencia del pa\u00eds. Las celebraciones suelen incluir desfiles, bailes tradicionales, m\u00fasica folcl\u00f3rica y comidas t\u00edpicas.<\/p>\n<h3><strong>Las personas de otros pa\u00edses de Am\u00e9rica Latina, <a id=\"\" href=\"https:\/\/latino.si.edu\/learn\/latino-history-and-culture\/latino-history\/latin-independence-days\" target=\"_blank\" rel=\"noopener\">tienen sus celebraciones de independencia en otras fechas,<\/a> incluyendo:<\/strong><\/h3>\n<ul>\n<li>5 de julio: Venezuela celebra su independencia de Espa\u00f1a.<\/li>\n<li>20 de julio:Colombia celebra su independencia de Espa\u00f1a.<\/li>\n<li>7 de septiembre: Brasil <a id=\"\" href=\"https:\/\/dorset.ie\/brazil-independence-day\/\" target=\"_blank\" rel=\"noopener\">celebra su independencia de Portugal<\/a>.<\/li>\n<li>3 de noviembre: Panam\u00e1 celebra su independencia de Espa\u00f1a.<\/li>\n<\/ul>\n<p>&nbsp;<\/p>\n<figure id=\"attachment_78117\" aria-describedby=\"caption-attachment-78117\" style=\"width: 640px\" class=\"wp-caption aligncenter\"><img loading=\"lazy\" decoding=\"async\" class=\"wp-image-78117\" src=\"https:\/\/uchealth-wp-uploads.s3.amazonaws.com\/wp-content\/uploads\/sites\/6\/2024\/09\/18144330\/2024FiestasPatrias_015-web.webp\" alt=\"Caballos desfilaban con elegancia, mientras la gente bailaba y disfrutaba de deliciosa comida y de las festividades durante la celebraci\u00f3n de las Fiestas Patrias 2024 en el centro de Colorado Springs. Foto de Chuck Bigger, para UCHealth.\" width=\"640\" height=\"426\" \/><figcaption id=\"caption-attachment-78117\" class=\"wp-caption-text\">Caballos desfilaban con elegancia, mientras la gente bailaba y disfrutaba de deliciosa comida y de las festividades durante la celebraci\u00f3n de las Fiestas Patrias 2024 en el centro de Colorado Springs. Foto de Chuck Bigger, para UCHealth.<\/figcaption><\/figure>\n<h2><strong>Las celebraciones de Fiestas Patrias en Colorado se realizar\u00e1n en Aurora y en Colorado Springs<\/strong><\/h2>\n<div>\n<p>En Colorado, los eventos de Fiestas Patrias se celebrar\u00e1n este a\u00f1o justo antes de que comience oficialmente el Mes de la Herencia Hispana.<\/p>\n<p>Las celebraciones son gratuitas y ofrecen presentaciones musicales, comida y actividades para toda la familia.<\/p>\n<\/div>\n<p>Las <a id=\"\" href=\"https:\/\/www.visitcos.com\/events\/fiestas-patrias-colorado\/\" target=\"_blank\" rel=\"noopener\">celebraciones de Fiestas Patrias en el sur de Colorado<\/a> se realizar\u00e1n el s\u00e1bado 12 de septiembre, de 10 a.m. a 8 p.m. en el Colorado Springs Flea Market, 5225 E. Platte Ave.<\/p>\n<p>Las <a id=\"\" href=\"https:\/\/www.denverfiestaspatrias.com\/en\" target=\"_blank\" rel=\"noopener\">celebraciones en el \u00e1rea metropolitana de Denver<\/a> se realizar\u00e1n el domingo 13 de septiembre de 11 a.m. a 9 p.m. en la Plaza Colorado, 15200 E. Colfax Ave. en Aurora.<\/p>\n<p class=\"m-size-19\">\n","protected":false},"excerpt":{"rendered":"<p>Los caballos desfilan con elegancia y los bailarines mexicanos hacen ondear sus coloridos vestidos durante los eventos de las Fiestas Patrias, mientras los habitantes de Colorado celebran la independencia de M\u00e9xico y de otros pa\u00edses latinoamericanos durante el Mes de la Herencia Hispana. \u201cEs como una reuni\u00f3n familiar, como si estuvi\u00e9ramos de regreso en M\u00e9xico. [&hellip;]<\/p>\n","protected":false},"author":2123,"featured_media":78092,"comment_status":"closed","ping_status":"closed","sticky":false,"template":"","format":"standard","meta":{"_acf_changed":false,"_relevanssi_hide_post":"","_relevanssi_hide_content":"","_relevanssi_pin_for_all":"","_relevanssi_pin_keywords":"","_relevanssi_unpin_keywords":"","_relevanssi_related_keywords":"","_relevanssi_related_include_ids":"","_relevanssi_related_exclude_ids":"","_relevanssi_related_no_append":"","_relevanssi_related_not_related":"","_relevanssi_related_posts":"","_relevanssi_noindex_reason":"","footnotes":""},"categories":[9192],"tags":[9216,9132],"class_list":["post-93416","post","type-post","status-publish","format-standard","has-post-thumbnail","hentry","category-espanol","tag-disfrute-colorado","tag-traducciones-en-espanol"],"acf":[],"yoast_head":"<!-- This site is optimized with the Yoast SEO Premium plugin v28.3 (Yoast SEO v28.3) - https:\/\/yoast.com\/product\/yoast-seo-premium-wordpress\/ -->\n<title>Celebraciones del Mes de la Herencia Hispana en Colorado - UCHealth Today<\/title>\n<meta name=\"description\" content=\"Los caballos desfilando con elegancia y los bailes tradicionales, dan sentido de comunidad durante las celebraciones de Fiestas Patrias en Colorado.\" \/>\n<meta name=\"robots\" content=\"index, follow, max-snippet:-1, max-image-preview:large, max-video-preview:-1\" \/>\n<link rel=\"canonical\" href=\"https:\/\/www.uchealth.org\/today\/es-fiestas-patrias-celebraciones-del-mes-de-la-herencia-hispana\/\" \/>\n<meta property=\"og:locale\" content=\"en_US\" \/>\n<meta property=\"og:type\" content=\"article\" \/>\n<meta property=\"og:title\" content=\"Fiestas Patrias en Colorado: Celebraciones del Mes de la Herencia Hispana - UCHealth Today\" \/>\n<meta property=\"og:description\" content=\"Los caballos desfilando con elegancia y los bailes tradicionales, dan sentido de comunidad durante las celebraciones de Fiestas Patrias en Colorado.\" \/>\n<meta property=\"og:url\" content=\"https:\/\/www.uchealth.org\/today\/es-fiestas-patrias-celebraciones-del-mes-de-la-herencia-hispana\/\" \/>\n<meta property=\"og:site_name\" content=\"UCHealth Today\" \/>\n<meta property=\"article:publisher\" content=\"https:\/\/www.facebook.com\/uchealthorg\/\" \/>\n<meta property=\"article:published_time\" content=\"2026-09-02T16:52:20+00:00\" \/>\n<meta property=\"og:image\" content=\"https:\/\/uchealth-wp-uploads.s3.amazonaws.com\/wp-content\/uploads\/sites\/6\/2024\/09\/17103555\/2024FiestasPatrias_022-web.jpg\" \/>\n\t<meta property=\"og:image:type\" content=\"image\/jpeg\" \/>\n<meta name=\"author\" content=\"Katie Kerwin McCrimmon, UCHealth\" \/>\n<meta name=\"twitter:card\" content=\"summary_large_image\" \/>\n<meta name=\"twitter:title\" content=\"Fiestas Patrias en Colorado: Celebraciones del Mes de la Herencia Hispana\" \/>\n<meta name=\"twitter:creator\" content=\"@uchealth\" \/>\n<meta name=\"twitter:site\" content=\"@uchealth\" \/>\n<meta name=\"twitter:label1\" content=\"Written by\" \/>\n\t<meta name=\"twitter:data1\" content=\"Katie Kerwin McCrimmon, UCHealth\" \/>\n\t<meta name=\"twitter:label2\" content=\"Est. reading time\" \/>\n\t<meta name=\"twitter:data2\" content=\"4 minutes\" \/>\n<script type=\"application\/ld+json\" class=\"yoast-schema-graph\">{\"@context\":\"https:\\\/\\\/schema.org\",\"@graph\":[{\"@type\":\"Article\",\"@id\":\"https:\\\/\\\/www.uchealth.org\\\/today\\\/es-fiestas-patrias-celebraciones-del-mes-de-la-herencia-hispana\\\/#article\",\"isPartOf\":{\"@id\":\"https:\\\/\\\/www.uchealth.org\\\/today\\\/es-fiestas-patrias-celebraciones-del-mes-de-la-herencia-hispana\\\/\"},\"author\":{\"name\":\"Katie Kerwin McCrimmon, UCHealth\",\"@id\":\"https:\\\/\\\/www.uchealth.org\\\/today\\\/#\\\/schema\\\/person\\\/d43cd81d6f8e440a3e496f8a012c68e9\"},\"headline\":\"Fiestas Patrias en Colorado: Celebraciones del Mes de la Herencia Hispana\",\"datePublished\":\"2026-09-02T16:52:20+00:00\",\"mainEntityOfPage\":{\"@id\":\"https:\\\/\\\/www.uchealth.org\\\/today\\\/es-fiestas-patrias-celebraciones-del-mes-de-la-herencia-hispana\\\/\"},\"wordCount\":626,\"publisher\":{\"@id\":\"https:\\\/\\\/www.uchealth.org\\\/today\\\/#organization\"},\"image\":{\"@id\":\"https:\\\/\\\/www.uchealth.org\\\/today\\\/es-fiestas-patrias-celebraciones-del-mes-de-la-herencia-hispana\\\/#primaryimage\"},\"thumbnailUrl\":\"https:\\\/\\\/uchealth-wp-uploads.s3.amazonaws.com\\\/wp-content\\\/uploads\\\/sites\\\/6\\\/2024\\\/09\\\/17103555\\\/2024FiestasPatrias_022-web.webp\",\"keywords\":[\"Disfrute Colorado\",\"Traducciones en espa\u00f1ol\"],\"articleSection\":[\"Espa\u00f1ol\"],\"inLanguage\":\"en-US\"},{\"@type\":\"WebPage\",\"@id\":\"https:\\\/\\\/www.uchealth.org\\\/today\\\/es-fiestas-patrias-celebraciones-del-mes-de-la-herencia-hispana\\\/\",\"url\":\"https:\\\/\\\/www.uchealth.org\\\/today\\\/es-fiestas-patrias-celebraciones-del-mes-de-la-herencia-hispana\\\/\",\"name\":\"Celebraciones del Mes de la Herencia Hispana en Colorado - UCHealth Today\",\"isPartOf\":{\"@id\":\"https:\\\/\\\/www.uchealth.org\\\/today\\\/#website\"},\"primaryImageOfPage\":{\"@id\":\"https:\\\/\\\/www.uchealth.org\\\/today\\\/es-fiestas-patrias-celebraciones-del-mes-de-la-herencia-hispana\\\/#primaryimage\"},\"image\":{\"@id\":\"https:\\\/\\\/www.uchealth.org\\\/today\\\/es-fiestas-patrias-celebraciones-del-mes-de-la-herencia-hispana\\\/#primaryimage\"},\"thumbnailUrl\":\"https:\\\/\\\/uchealth-wp-uploads.s3.amazonaws.com\\\/wp-content\\\/uploads\\\/sites\\\/6\\\/2024\\\/09\\\/17103555\\\/2024FiestasPatrias_022-web.webp\",\"datePublished\":\"2026-09-02T16:52:20+00:00\",\"description\":\"Los caballos desfilando con elegancia y los bailes tradicionales, dan sentido de comunidad durante las celebraciones de Fiestas Patrias en Colorado.\",\"breadcrumb\":{\"@id\":\"https:\\\/\\\/www.uchealth.org\\\/today\\\/es-fiestas-patrias-celebraciones-del-mes-de-la-herencia-hispana\\\/#breadcrumb\"},\"inLanguage\":\"en-US\",\"potentialAction\":[{\"@type\":\"ReadAction\",\"target\":[\"https:\\\/\\\/www.uchealth.org\\\/today\\\/es-fiestas-patrias-celebraciones-del-mes-de-la-herencia-hispana\\\/\"]}]},{\"@type\":\"ImageObject\",\"inLanguage\":\"en-US\",\"@id\":\"https:\\\/\\\/www.uchealth.org\\\/today\\\/es-fiestas-patrias-celebraciones-del-mes-de-la-herencia-hispana\\\/#primaryimage\",\"url\":\"https:\\\/\\\/uchealth-wp-uploads.s3.amazonaws.com\\\/wp-content\\\/uploads\\\/sites\\\/6\\\/2024\\\/09\\\/17103555\\\/2024FiestasPatrias_022-web.webp\",\"contentUrl\":\"https:\\\/\\\/uchealth-wp-uploads.s3.amazonaws.com\\\/wp-content\\\/uploads\\\/sites\\\/6\\\/2024\\\/09\\\/17103555\\\/2024FiestasPatrias_022-web.webp\",\"width\":800,\"height\":533,\"caption\":\"Bailarines de ballet folkl\u00f3rico lucen sus atuendos coloridos. El grupo se present\u00f3 en el festival de Fiestas Patrias 2024 en el centro de Colorado Springs. Foto por Chuck Bigger, para UCHealth.\"},{\"@type\":\"BreadcrumbList\",\"@id\":\"https:\\\/\\\/www.uchealth.org\\\/today\\\/es-fiestas-patrias-celebraciones-del-mes-de-la-herencia-hispana\\\/#breadcrumb\",\"itemListElement\":[{\"@type\":\"ListItem\",\"position\":1,\"name\":\"Home\",\"item\":\"https:\\\/\\\/www.uchealth.org\\\/today\\\/\"},{\"@type\":\"ListItem\",\"position\":2,\"name\":\"Fiestas Patrias en Colorado: Celebraciones del Mes de la Herencia Hispana\"}]},{\"@type\":\"WebSite\",\"@id\":\"https:\\\/\\\/www.uchealth.org\\\/today\\\/#website\",\"url\":\"https:\\\/\\\/www.uchealth.org\\\/today\\\/\",\"name\":\"UCHealth Today\",\"description\":\"UCHealth Today\",\"publisher\":{\"@id\":\"https:\\\/\\\/www.uchealth.org\\\/today\\\/#organization\"},\"potentialAction\":[{\"@type\":\"SearchAction\",\"target\":{\"@type\":\"EntryPoint\",\"urlTemplate\":\"https:\\\/\\\/www.uchealth.org\\\/today\\\/?s={search_term_string}\"},\"query-input\":{\"@type\":\"PropertyValueSpecification\",\"valueRequired\":true,\"valueName\":\"search_term_string\"}}],\"inLanguage\":\"en-US\"},{\"@type\":\"Organization\",\"@id\":\"https:\\\/\\\/www.uchealth.org\\\/today\\\/#organization\",\"name\":\"UCHealth\",\"url\":\"https:\\\/\\\/www.uchealth.org\\\/today\\\/\",\"logo\":{\"@type\":\"ImageObject\",\"inLanguage\":\"en-US\",\"@id\":\"https:\\\/\\\/www.uchealth.org\\\/today\\\/#\\\/schema\\\/logo\\\/image\\\/\",\"url\":\"https:\\\/\\\/uchealth-wp-uploads.s3.amazonaws.com\\\/wp-content\\\/uploads\\\/sites\\\/6\\\/2020\\\/04\\\/24135149\\\/UCHealth-square-logo-1000x1000-1.jpg\",\"contentUrl\":\"https:\\\/\\\/uchealth-wp-uploads.s3.amazonaws.com\\\/wp-content\\\/uploads\\\/sites\\\/6\\\/2020\\\/04\\\/24135149\\\/UCHealth-square-logo-1000x1000-1.jpg\",\"width\":1000,\"height\":1000,\"caption\":\"UCHealth\"},\"image\":{\"@id\":\"https:\\\/\\\/www.uchealth.org\\\/today\\\/#\\\/schema\\\/logo\\\/image\\\/\"},\"sameAs\":[\"https:\\\/\\\/www.facebook.com\\\/uchealthorg\\\/\",\"https:\\\/\\\/x.com\\\/uchealth\",\"https:\\\/\\\/www.instagram.com\\\/uchealth\\\/\",\"https:\\\/\\\/www.linkedin.com\\\/school\\\/14839\\\/\",\"https:\\\/\\\/www.pinterest.com\\\/uchealthorg\\\/\",\"https:\\\/\\\/www.youtube.com\\\/channel\\\/UC41SJI79yjZIe96OajzN22g\"]},{\"@type\":\"Person\",\"@id\":\"https:\\\/\\\/www.uchealth.org\\\/today\\\/#\\\/schema\\\/person\\\/d43cd81d6f8e440a3e496f8a012c68e9\",\"name\":\"Katie Kerwin McCrimmon, UCHealth\",\"image\":{\"@type\":\"ImageObject\",\"inLanguage\":\"en-US\",\"@id\":\"https:\\\/\\\/secure.gravatar.com\\\/avatar\\\/e4b3e7f171d65a6d6ea64ec84c6b217b969af09b9439c593a692bbcccd793724?s=96&d=mm&r=g\",\"url\":\"https:\\\/\\\/secure.gravatar.com\\\/avatar\\\/e4b3e7f171d65a6d6ea64ec84c6b217b969af09b9439c593a692bbcccd793724?s=96&d=mm&r=g\",\"contentUrl\":\"https:\\\/\\\/secure.gravatar.com\\\/avatar\\\/e4b3e7f171d65a6d6ea64ec84c6b217b969af09b9439c593a692bbcccd793724?s=96&d=mm&r=g\",\"caption\":\"Katie Kerwin McCrimmon, UCHealth\"},\"description\":\"Katie Kerwin McCrimmon is a proud Coloradan. She attended Colorado College thanks to a merit scholarship from the Boettcher Foundation and worked as a park ranger in Rocky Mountain National Park during summers in college. Katie is a dedicated storyteller who loves getting to know UCHealth patients and providers and sharing their inspiring stories. Katie spent years working as an award-winning journalist at the Rocky Mountain News and at an online health policy news site before joining UCHealth in 2017. Katie and her husband, Cyrus \u2014 a Pulitzer Prize-winning photographer \u2014 have three adult children and love spending time in the Colorado mountains and traveling around the world.\",\"url\":\"https:\\\/\\\/www.uchealth.org\\\/today\\\/author\\\/mccrimmonk\\\/\"}]}<\/script>\n<!-- \/ Yoast SEO Premium plugin. -->","yoast_head_json":{"title":"Celebraciones del Mes de la Herencia Hispana en Colorado - UCHealth Today","description":"Los caballos desfilando con elegancia y los bailes tradicionales, dan sentido de comunidad durante las celebraciones de Fiestas Patrias en Colorado.","robots":{"index":"index","follow":"follow","max-snippet":"max-snippet:-1","max-image-preview":"max-image-preview:large","max-video-preview":"max-video-preview:-1"},"canonical":"https:\/\/www.uchealth.org\/today\/es-fiestas-patrias-celebraciones-del-mes-de-la-herencia-hispana\/","og_locale":"en_US","og_type":"article","og_title":"Fiestas Patrias en Colorado: Celebraciones del Mes de la Herencia Hispana - UCHealth Today","og_description":"Los caballos desfilando con elegancia y los bailes tradicionales, dan sentido de comunidad durante las celebraciones de Fiestas Patrias en Colorado.","og_url":"https:\/\/www.uchealth.org\/today\/es-fiestas-patrias-celebraciones-del-mes-de-la-herencia-hispana\/","og_site_name":"UCHealth Today","article_publisher":"https:\/\/www.facebook.com\/uchealthorg\/","article_published_time":"2026-09-02T16:52:20+00:00","og_image":[{"url":"https:\/\/uchealth-wp-uploads.s3.amazonaws.com\/wp-content\/uploads\/sites\/6\/2024\/09\/17103555\/2024FiestasPatrias_022-web.jpg","type":"image\/jpeg"}],"author":"Katie Kerwin McCrimmon, UCHealth","twitter_card":"summary_large_image","twitter_title":"Fiestas Patrias en Colorado: Celebraciones del Mes de la Herencia Hispana","twitter_creator":"@uchealth","twitter_site":"@uchealth","twitter_misc":{"Written by":"Katie Kerwin McCrimmon, UCHealth","Est. reading time":"4 minutes"},"schema":{"@context":"https:\/\/schema.org","@graph":[{"@type":"Article","@id":"https:\/\/www.uchealth.org\/today\/es-fiestas-patrias-celebraciones-del-mes-de-la-herencia-hispana\/#article","isPartOf":{"@id":"https:\/\/www.uchealth.org\/today\/es-fiestas-patrias-celebraciones-del-mes-de-la-herencia-hispana\/"},"author":{"name":"Katie Kerwin McCrimmon, UCHealth","@id":"https:\/\/www.uchealth.org\/today\/#\/schema\/person\/d43cd81d6f8e440a3e496f8a012c68e9"},"headline":"Fiestas Patrias en Colorado: Celebraciones del Mes de la Herencia Hispana","datePublished":"2026-09-02T16:52:20+00:00","mainEntityOfPage":{"@id":"https:\/\/www.uchealth.org\/today\/es-fiestas-patrias-celebraciones-del-mes-de-la-herencia-hispana\/"},"wordCount":626,"publisher":{"@id":"https:\/\/www.uchealth.org\/today\/#organization"},"image":{"@id":"https:\/\/www.uchealth.org\/today\/es-fiestas-patrias-celebraciones-del-mes-de-la-herencia-hispana\/#primaryimage"},"thumbnailUrl":"https:\/\/uchealth-wp-uploads.s3.amazonaws.com\/wp-content\/uploads\/sites\/6\/2024\/09\/17103555\/2024FiestasPatrias_022-web.webp","keywords":["Disfrute Colorado","Traducciones en espa\u00f1ol"],"articleSection":["Espa\u00f1ol"],"inLanguage":"en-US"},{"@type":"WebPage","@id":"https:\/\/www.uchealth.org\/today\/es-fiestas-patrias-celebraciones-del-mes-de-la-herencia-hispana\/","url":"https:\/\/www.uchealth.org\/today\/es-fiestas-patrias-celebraciones-del-mes-de-la-herencia-hispana\/","name":"Celebraciones del Mes de la Herencia Hispana en Colorado - UCHealth Today","isPartOf":{"@id":"https:\/\/www.uchealth.org\/today\/#website"},"primaryImageOfPage":{"@id":"https:\/\/www.uchealth.org\/today\/es-fiestas-patrias-celebraciones-del-mes-de-la-herencia-hispana\/#primaryimage"},"image":{"@id":"https:\/\/www.uchealth.org\/today\/es-fiestas-patrias-celebraciones-del-mes-de-la-herencia-hispana\/#primaryimage"},"thumbnailUrl":"https:\/\/uchealth-wp-uploads.s3.amazonaws.com\/wp-content\/uploads\/sites\/6\/2024\/09\/17103555\/2024FiestasPatrias_022-web.webp","datePublished":"2026-09-02T16:52:20+00:00","description":"Los caballos desfilando con elegancia y los bailes tradicionales, dan sentido de comunidad durante las celebraciones de Fiestas Patrias en Colorado.","breadcrumb":{"@id":"https:\/\/www.uchealth.org\/today\/es-fiestas-patrias-celebraciones-del-mes-de-la-herencia-hispana\/#breadcrumb"},"inLanguage":"en-US","potentialAction":[{"@type":"ReadAction","target":["https:\/\/www.uchealth.org\/today\/es-fiestas-patrias-celebraciones-del-mes-de-la-herencia-hispana\/"]}]},{"@type":"ImageObject","inLanguage":"en-US","@id":"https:\/\/www.uchealth.org\/today\/es-fiestas-patrias-celebraciones-del-mes-de-la-herencia-hispana\/#primaryimage","url":"https:\/\/uchealth-wp-uploads.s3.amazonaws.com\/wp-content\/uploads\/sites\/6\/2024\/09\/17103555\/2024FiestasPatrias_022-web.webp","contentUrl":"https:\/\/uchealth-wp-uploads.s3.amazonaws.com\/wp-content\/uploads\/sites\/6\/2024\/09\/17103555\/2024FiestasPatrias_022-web.webp","width":800,"height":533,"caption":"Bailarines de ballet folkl\u00f3rico lucen sus atuendos coloridos. El grupo se present\u00f3 en el festival de Fiestas Patrias 2024 en el centro de Colorado Springs. Foto por Chuck Bigger, para UCHealth."},{"@type":"BreadcrumbList","@id":"https:\/\/www.uchealth.org\/today\/es-fiestas-patrias-celebraciones-del-mes-de-la-herencia-hispana\/#breadcrumb","itemListElement":[{"@type":"ListItem","position":1,"name":"Home","item":"https:\/\/www.uchealth.org\/today\/"},{"@type":"ListItem","position":2,"name":"Fiestas Patrias en Colorado: Celebraciones del Mes de la Herencia Hispana"}]},{"@type":"WebSite","@id":"https:\/\/www.uchealth.org\/today\/#website","url":"https:\/\/www.uchealth.org\/today\/","name":"UCHealth Today","description":"UCHealth Today","publisher":{"@id":"https:\/\/www.uchealth.org\/today\/#organization"},"potentialAction":[{"@type":"SearchAction","target":{"@type":"EntryPoint","urlTemplate":"https:\/\/www.uchealth.org\/today\/?s={search_term_string}"},"query-input":{"@type":"PropertyValueSpecification","valueRequired":true,"valueName":"search_term_string"}}],"inLanguage":"en-US"},{"@type":"Organization","@id":"https:\/\/www.uchealth.org\/today\/#organization","name":"UCHealth","url":"https:\/\/www.uchealth.org\/today\/","logo":{"@type":"ImageObject","inLanguage":"en-US","@id":"https:\/\/www.uchealth.org\/today\/#\/schema\/logo\/image\/","url":"https:\/\/uchealth-wp-uploads.s3.amazonaws.com\/wp-content\/uploads\/sites\/6\/2020\/04\/24135149\/UCHealth-square-logo-1000x1000-1.jpg","contentUrl":"https:\/\/uchealth-wp-uploads.s3.amazonaws.com\/wp-content\/uploads\/sites\/6\/2020\/04\/24135149\/UCHealth-square-logo-1000x1000-1.jpg","width":1000,"height":1000,"caption":"UCHealth"},"image":{"@id":"https:\/\/www.uchealth.org\/today\/#\/schema\/logo\/image\/"},"sameAs":["https:\/\/www.facebook.com\/uchealthorg\/","https:\/\/x.com\/uchealth","https:\/\/www.instagram.com\/uchealth\/","https:\/\/www.linkedin.com\/school\/14839\/","https:\/\/www.pinterest.com\/uchealthorg\/","https:\/\/www.youtube.com\/channel\/UC41SJI79yjZIe96OajzN22g"]},{"@type":"Person","@id":"https:\/\/www.uchealth.org\/today\/#\/schema\/person\/d43cd81d6f8e440a3e496f8a012c68e9","name":"Katie Kerwin McCrimmon, UCHealth","image":{"@type":"ImageObject","inLanguage":"en-US","@id":"https:\/\/secure.gravatar.com\/avatar\/e4b3e7f171d65a6d6ea64ec84c6b217b969af09b9439c593a692bbcccd793724?s=96&d=mm&r=g","url":"https:\/\/secure.gravatar.com\/avatar\/e4b3e7f171d65a6d6ea64ec84c6b217b969af09b9439c593a692bbcccd793724?s=96&d=mm&r=g","contentUrl":"https:\/\/secure.gravatar.com\/avatar\/e4b3e7f171d65a6d6ea64ec84c6b217b969af09b9439c593a692bbcccd793724?s=96&d=mm&r=g","caption":"Katie Kerwin McCrimmon, UCHealth"},"description":"Katie Kerwin McCrimmon is a proud Coloradan. She attended Colorado College thanks to a merit scholarship from the Boettcher Foundation and worked as a park ranger in Rocky Mountain National Park during summers in college. Katie is a dedicated storyteller who loves getting to know UCHealth patients and providers and sharing their inspiring stories. Katie spent years working as an award-winning journalist at the Rocky Mountain News and at an online health policy news site before joining UCHealth in 2017. Katie and her husband, Cyrus \u2014 a Pulitzer Prize-winning photographer \u2014 have three adult children and love spending time in the Colorado mountains and traveling around the world.","url":"https:\/\/www.uchealth.org\/today\/author\/mccrimmonk\/"}]}},"coauthors":[{"id":2123,"name":"Katie Kerwin McCrimmon","link":"https:\/\/www.uchealth.org\/today\/author\/mccrimmonk\/"},{"id":2412,"name":"Ana Gretchen Robleto","link":"https:\/\/www.uchealth.org\/today\/author\/arobletolupiac\/"}],"_links":{"self":[{"href":"https:\/\/www.uchealth.org\/today\/wp-json\/wp\/v2\/posts\/93416","targetHints":{"allow":["GET"]}}],"collection":[{"href":"https:\/\/www.uchealth.org\/today\/wp-json\/wp\/v2\/posts"}],"about":[{"href":"https:\/\/www.uchealth.org\/today\/wp-json\/wp\/v2\/types\/post"}],"author":[{"embeddable":true,"href":"https:\/\/www.uchealth.org\/today\/wp-json\/wp\/v2\/users\/2123"}],"replies":[{"embeddable":true,"href":"https:\/\/www.uchealth.org\/today\/wp-json\/wp\/v2\/comments?post=93416"}],"version-history":[{"count":10,"href":"https:\/\/www.uchealth.org\/today\/wp-json\/wp\/v2\/posts\/93416\/revisions"}],"predecessor-version":[{"id":93478,"href":"https:\/\/www.uchealth.org\/today\/wp-json\/wp\/v2\/posts\/93416\/revisions\/93478"}],"wp:featuredmedia":[{"embeddable":true,"href":"https:\/\/www.uchealth.org\/today\/wp-json\/wp\/v2\/media\/78092"}],"wp:attachment":[{"href":"https:\/\/www.uchealth.org\/today\/wp-json\/wp\/v2\/media?parent=93416"}],"wp:term":[{"taxonomy":"category","embeddable":true,"href":"https:\/\/www.uchealth.org\/today\/wp-json\/wp\/v2\/categories?post=93416"},{"taxonomy":"post_tag","embeddable":true,"href":"https:\/\/www.uchealth.org\/today\/wp-json\/wp\/v2\/tags?post=93416"}],"curies":[{"name":"wp","href":"https:\/\/api.w.org\/{rel}","templated":true}]}}